[{"@context":"https:\/\/schema.org\/","@type":"Article","@id":"https:\/\/www.sigal.sk\/black-friday\/#Article","mainEntityOfPage":"https:\/\/www.sigal.sk\/black-friday\/","headline":"Black Friday","name":"Black Friday","description":"Tento \u010dierny piatok k\u00a0n\u00e1m prich\u00e1dza ka\u017edoro\u010dne u\u017e p\u00e1r rokov aj na Slovensku spolu s\u00a0obrovsk\u00fdmi z\u013eavami. Je to nie\u010do ako d\u00f4vod","datePublished":"2019-12-04","dateModified":"2023-04-27","author":{"@type":"Person","@id":"https:\/\/www.sigal.sk\/author\/#Person","name":"","url":"https:\/\/www.sigal.sk\/author\/","identifier":1,"image":{"@type":"ImageObject","@id":"https:\/\/secure.gravatar.com\/avatar\/25a824e14ead2d36aba24b918221841350fb41cea98048e9b1929df8c4bf4bd8?s=96&d=mm&r=g","url":"https:\/\/secure.gravatar.com\/avatar\/25a824e14ead2d36aba24b918221841350fb41cea98048e9b1929df8c4bf4bd8?s=96&d=mm&r=g","height":96,"width":96}},"publisher":{"@type":"Organization","name":"sigal.sk","logo":{"@type":"ImageObject","@id":"\/logo.png","url":"\/logo.png","width":600,"height":60}},"image":{"@type":"ImageObject","@id":"https:\/\/www.sigal.sk\/wp-content\/uploads\/img_a309044_w16881_t1577625040.jpg","url":"https:\/\/www.sigal.sk\/wp-content\/uploads\/img_a309044_w16881_t1577625040.jpg","height":0,"width":0},"url":"https:\/\/www.sigal.sk\/black-friday\/","about":["Nakupovanie"],"wordCount":464,"articleBody":"Tento \u010dierny piatok k\u00a0n\u00e1m prich\u00e1dza ka\u017edoro\u010dne u\u017e p\u00e1r rokov aj na Slovensku spolu s\u00a0obrovsk\u00fdmi z\u013eavami. Je to nie\u010do ako d\u00f4vod na n\u00e1kup so z\u013eavou pred Vianocami. M\u00f4\u017eete v\u00fdhodne nak\u00fapi\u0165 dar\u010deky na Vianoce. V\u00a0Amerike to funguje u\u017e pekn\u00fdch p\u00e1r desiatok rokov, k\u00a0n\u00e1m to pri\u0161lo neskor\u0161ie. Pomaly si m\u00f4\u017eete myslie\u0165, \u017ee k\u00a0n\u00e1m pr\u00edde za chv\u00ed\u013eu aj V\u010fakyvzdanie, ke\u010f od nich v\u0161etko preber\u00e1me.Z\u013eavy s\u00fa nie\u010do, \u010do l\u00e1ka \u013eud\u00ed k\u00a0n\u00e1kupom. A\u00a0\u010d\u00edm v\u00e4\u010d\u0161ie z\u013eavy s\u00fa im s\u013e\u00faben\u00e9, t\u00fdm viac ich to l\u00e1ka. Nevad\u00ed, \u017ee je to st\u00e1le drah\u00e9, ale ke\u010f je to zlacnen\u00e9 z\u00a0obrovskej sumy a\u00a0je tam obrovsk\u00e1 z\u013eava, tak to mus\u00ed by\u0165 v\u00fdhodn\u00e9. Potom sa s\u00a0t\u00fdm predsa bud\u00fa chv\u00e1li\u0165 ako v\u00fdhodne nak\u00fapili. Kvalitne predsa, ke\u010f to bolo na za\u010diatku tak\u00e9 drah\u00e9. Nie je ni\u010d v\u00fdhodnej\u0161ie predsa.\tOPLAT\u00cd SA TO NAOZAJ?Nad touto ot\u00e1zkou by sa dalo polemizova\u0165. \u017de \u013eudia nak\u00fapia aj to, \u010do v\u00a0podstate nepotrebuj\u00fa len zato, \u017ee je to vo v\u00fdhodnej cene, je u\u017e dos\u0165 zn\u00e1ma vec. Preto s\u00fa tak\u00e9to v\u00fdpredaje ve\u013emi \u00faspe\u0161n\u00e9. \u010clovek ni\u010d nepotrebuje, ide sa iba pozrie\u0165 a\u00a0odch\u00e1dza s\u00a0pln\u00fdm ko\u0161\u00edkom r\u00f4znych vec\u00ed, ktor\u00e9 sa mu ur\u010dite niekedy z\u00eddu. Sn\u00e1\u010f \u00e1no. No, ve\u013eakr\u00e1t to kon\u010d\u00ed tak, \u017ee ani nie a\u00a0potom tie veci s\u00fa v\u00a0podstate hor\u0161ie ako tie drah\u0161ie. Ke\u010f sa to v\u00a0kone\u010dnom d\u00f4sledku spo\u010d\u00edta, tak ni\u010d neu\u0161etr\u00ed a\u00a0e\u0161te aj prerob\u00ed.Black Friday je piatok ako ka\u017ed\u00fd in\u00fd, hoci s\u00a0v\u00fdrazn\u00fdmi z\u013eavami. Tieto z\u013eavy \u010dasto nekon\u010dia iba v\u00a0piatok, ale pokra\u010duj\u00fa cel\u00fd v\u00edkend, aby mali obchody dostato\u010dne ve\u013ek\u00e9 tr\u017eby. Podobn\u00e9 v\u00fdpredaje, ktor\u00e9 s\u00fa rovnak\u00e9 \u00fa\u010dinn\u00e9 s\u00fa tie po Vianociach. Je v\u0161ak zar\u00e1\u017eaj\u00face, \u017ee obchody si umelo nav\u00fd\u0161ia hodnoty tovarov pred Vianocami a\u00a0po Vianociach u\u017e len id\u00fa nasp\u00e4\u0165 na svoju p\u00f4vodn\u00fa \u00farove\u0148. A\u00a0to s\u00fa tie z\u013eavy. Nebude to nie\u010do podobn\u00e9 aj s\u00a0t\u00fdmto \u010diernym piatkom?Najlep\u0161ie bude, ke\u010f si svoj tovar, ktor\u00fd chcete NAOZAJ CHCETE k\u00fapi\u0165 poriadne odsledujete. Jeho v\u00fdvoj ceny v\u00e1m napovie, \u010di je naozaj v\u00a0z\u013eave alebo sa obchod len hr\u00e1 na to, \u017ee ho dal do z\u013eavy. Preto\u017ee ke\u010f viete, ko\u013eko nie\u010do st\u00e1lo predt\u00fdm, tak si to viete odkontrolova\u0165. No, bohu\u017eia\u013e, ned\u00e1 sa takto si zapam\u00e4ta\u0165 nieko\u013eko desiatok tovarov&#8230;                                                                                                                                                                                                                                                                                                                                                                                        3.9\/5 - (8 votes)        "},{"@context":"https:\/\/schema.org\/","@type":"BreadcrumbList","itemListElement":[{"@type":"ListItem","position":1,"name":"Black Friday","item":"https:\/\/www.sigal.sk\/black-friday\/#breadcrumbitem"}]}]