[{"@context":"https:\/\/schema.org\/","@type":"Article","@id":"https:\/\/www.sigal.sk\/narok-na-vzdelanie\/#Article","mainEntityOfPage":"https:\/\/www.sigal.sk\/narok-na-vzdelanie\/","headline":"N\u00e1rok na vzdelanie","name":"N\u00e1rok na vzdelanie","description":"Povinn\u00e1 \u0161kolsk\u00e1 doch\u00e1dzka v\u00a0Slovenskej republike je desa\u0165 rokov. Logicky z\u00a0toho vypl\u00fdva pokra\u010dovanie povinn\u00e9ho \u0161t\u00fadia e\u0161te na inej \u0161kole. Z\u00e1kon ale","datePublished":"2019-07-20","dateModified":"2023-04-27","author":{"@type":"Person","@id":"https:\/\/www.sigal.sk\/author\/#Person","name":"","url":"https:\/\/www.sigal.sk\/author\/","identifier":1,"image":{"@type":"ImageObject","@id":"https:\/\/secure.gravatar.com\/avatar\/25a824e14ead2d36aba24b918221841350fb41cea98048e9b1929df8c4bf4bd8?s=96&d=mm&r=g","url":"https:\/\/secure.gravatar.com\/avatar\/25a824e14ead2d36aba24b918221841350fb41cea98048e9b1929df8c4bf4bd8?s=96&d=mm&r=g","height":96,"width":96}},"publisher":{"@type":"Organization","name":"sigal.sk","logo":{"@type":"ImageObject","@id":"\/logo.png","url":"\/logo.png","width":600,"height":60}},"image":{"@type":"ImageObject","@id":"https:\/\/www.sigal.sk\/wp-content\/uploads\/img_a305036_w16628_t1566316367.jpg","url":"https:\/\/www.sigal.sk\/wp-content\/uploads\/img_a305036_w16628_t1566316367.jpg","height":0,"width":0},"url":"https:\/\/www.sigal.sk\/narok-na-vzdelanie\/","wordCount":403,"articleBody":"Povinn\u00e1 \u0161kolsk\u00e1 doch\u00e1dzka v\u00a0Slovenskej republike je desa\u0165 rokov. Logicky z\u00a0toho vypl\u00fdva pokra\u010dovanie povinn\u00e9ho \u0161t\u00fadia e\u0161te na inej \u0161kole. Z\u00e1kon ale netvrd\u00ed, \u017ee to mus\u00ed by\u0165 \u0161kola stredn\u00e1.M\u00f4\u017ee \u00eds\u0165 aj o\u00a0\u0161t\u00fadium na u\u010dili\u0161ti. To sa ale dnes nenos\u00ed. V\u0161etci chc\u00fa predsa ma\u0165 maturitu a\u00a0chodi\u0165 na gymn\u00e1zium. U\u017e iba oby\u010dajn\u00e1 zmena tej istej \u0161koly z\u00a0n\u00e1zvu \u0160portov\u00e9 gymn\u00e1zium \u00a0na \u0160portov\u00e1 \u0161kola m\u00f4\u017ee by\u0165 psychologick\u00fdm probl\u00e9mom u\u00a0rodi\u010dov n\u00e1dejn\u00fdch \u017eiakov.Vytvorili sme chor\u00fd model \u0161kolstva, kde v\u0161etci chc\u00fa \u0161tudova\u0165 na gymn\u00e1ziu. E\u0161te pr\u00edpadne na odbornej \u0161kole. Ale\u00a0 u\u010dili\u0161te m\u00e1 probl\u00e9m.\t\t\u010c\u00edm by sa potom rodi\u010d chv\u00e1li ? Lep\u0161ie predsa zneje: M\u00f4j syn je na gymn\u00e1ziu!\t\tOmnoho hor\u0161ie sa ale bude po rokoch \u0161t\u00fadia na gymn\u00e1ziu\u00a0 vyslovova\u0165 rodi\u010dom : m\u00f4j syn je nezamestnan\u00fd!\u00a0Spolo\u010dnos\u0165 m\u00e1 nedostatok \u0161tudentov stredn\u00fdch odborn\u00fdch \u0161k\u00f4l a\u00a0u\u010dil\u00ed\u0161\u0165! Rodi\u010dia ale t\u00fa\u017eia po gymn\u00e1ziu. V\u0161etky deti predsa ale nemaj\u00fa bunky na vysok\u00fa \u0161kolu !Ale ktor\u00fd rodi\u010d si to prizn\u00e1, \u017ee pr\u00e1ve to jeho die\u0165a na to nem\u00e1?\u00a0A\u00a0tak sa bor\u00edme so stra\u0161nou \u0161trukt\u00farou \u0161k\u00f4l a\u00a0dobr\u00fdch odborn\u00edkov na be\u017en\u00e9 pr\u00e1ce:\t\tElektrik\u00e1rov\t\tStol\u00e1rov\t\tOprav\u00e1rov\t\tMont\u00e9rov\t\tNatiera\u010dova\u00a0mno\u017estvo in\u00fdch profesi\u00ed nem\u00e1me!\u010co s\u00a0de\u0165mi, ktor\u00e9 trpia niektorou z\u00a0\u013eah\u0161\u00edch du\u0161evn\u00fdch chor\u00f4b ? Aj tu vid\u00edm probl\u00e9m. Na jednej strane plne ch\u00e1pem ne\u0161\u0165astn\u00e9ho rodi\u010da t\u00fa\u017eiaceho da\u0165 die\u0165a\u0165u vzdelanie. Na druhej strane ch\u00e1pem riadite\u013eov \u0161k\u00f4l, ktor\u00ed sa pr\u00edsunu tak\u00fdchto \u017eiakov\u00a0 br\u00e1nia.Chce to od pedag\u00f3ga podstatne viac pr\u00e1ce, pochopenia a\u00a0individu\u00e1lneho pr\u00edstupu. Pri po\u010dte \u017eiakov v\u00a0triede 30 sa to zvl\u00e1dnu\u0165 celkom isto ned\u00e1.Bu\u010f s\u00fa ukr\u00e1ten\u00ed v\u0161etci ostatn\u00ed \u017eiaci, lebo u\u010dite\u013e sa mus\u00ed dlho venova\u0165 iba tomu jedn\u00e9mu \u017eiakovi, alebo je ukr\u00e1ten\u00fd ten jeden \u017eiak.\u00a0 V\u00a0danom pr\u00edpade je ide\u00e1lnou vo\u013ebou \u0161kola s\u00a0po\u010dtom \u017eiakov 10-15 v\u00a0jednej triede. Rie\u0161en\u00edm je aj individu\u00e1lny \u0161tudijn\u00fd\u00a0 pl\u00e1n. Toto by mali asi rodi\u010dia spolu s\u00a0veden\u00edm \u0161koly zv\u00e1\u017ei\u0165.                                                                                                                                                                                                                                                                                                                                                                                        4.3\/5 - (13 votes)        "},{"@context":"https:\/\/schema.org\/","@type":"BreadcrumbList","itemListElement":[{"@type":"ListItem","position":1,"name":"N\u00e1rok na vzdelanie","item":"https:\/\/www.sigal.sk\/narok-na-vzdelanie\/#breadcrumbitem"}]}]