[{"@context":"https:\/\/schema.org\/","@type":"Article","@id":"https:\/\/www.sigal.sk\/predlzovaci-kabel\/#Article","mainEntityOfPage":"https:\/\/www.sigal.sk\/predlzovaci-kabel\/","headline":"Predl\u017eovac\u00ed k\u00e1bel","name":"Predl\u017eovac\u00ed k\u00e1bel","description":"B\u00fdvali sme v starom bloku na s\u00eddlisku. Byty jeden ako druh\u00fd. V ka\u017edej izbe iba dve z\u00e1suvky. Niekedy neb\u00fdvalo to\u013eko","datePublished":"2019-05-16","dateModified":"2023-04-27","author":{"@type":"Person","@id":"https:\/\/www.sigal.sk\/author\/#Person","name":"","url":"https:\/\/www.sigal.sk\/author\/","identifier":1,"image":{"@type":"ImageObject","@id":"https:\/\/secure.gravatar.com\/avatar\/25a824e14ead2d36aba24b918221841350fb41cea98048e9b1929df8c4bf4bd8?s=96&d=mm&r=g","url":"https:\/\/secure.gravatar.com\/avatar\/25a824e14ead2d36aba24b918221841350fb41cea98048e9b1929df8c4bf4bd8?s=96&d=mm&r=g","height":96,"width":96}},"publisher":{"@type":"Organization","name":"sigal.sk","logo":{"@type":"ImageObject","@id":"\/logo.png","url":"\/logo.png","width":600,"height":60}},"image":{"@type":"ImageObject","@id":"https:\/\/www.sigal.sk\/wp-content\/uploads\/img_a301246_w16551_t1558705745.png","url":"https:\/\/www.sigal.sk\/wp-content\/uploads\/img_a301246_w16551_t1558705745.png","height":0,"width":0},"url":"https:\/\/www.sigal.sk\/predlzovaci-kabel\/","wordCount":395,"articleBody":" B\u00fdvali sme v starom bloku na s\u00eddlisku. Byty jeden ako druh\u00fd. V ka\u017edej izbe iba dve z\u00e1suvky. Niekedy neb\u00fdvalo to\u013eko elektrospotrebi\u010dov ako ich m\u00e1me dnes a tak bol tento po\u010det pravdepodobne pod\u013ea vtedaj\u0161\u00edch noriem a pravidiel celkom posta\u010duj\u00faci. Star\u00e9 byty ale pre\u017eili asi dlh\u0161ie ako sa predpokladalo a sl\u00fa\u017eia aj dnes. Zapoji\u0165 v\u0161etky spotrebi\u010de v kuchyni, v ob\u00fdva\u010dke aj v detskej izbe do jestvuj\u00facich dvoch z\u00e1suviek na izbu je celkom iste nemo\u017en\u00e9. Pr\u00edde na rad predl\u017eovac\u00ed k\u00e1bel. Neviem, kto ho vymyslel, ale n\u00e1pad to bol geni\u00e1lny. B\u00fdvaj\u00fa : R\u00f4znej d\u013a\u017eky Rozdielneho usporiadania R\u00f4zneho po\u010dtu z\u00e1suviek Niektor\u00e9 b\u00fdvaj\u00fa aj s prep\u00e4\u0165ovou ochranou- tie s\u00fa v\u00fdborn\u00e9 na nap\u00e1janie napr\u00edklad tak\u00e9ho zariadenia, ako je po\u010d\u00edta\u010d. Aj ke\u010f mate tento druh ochrany priamo v rozv\u00e1dza\u010di,aj vtedy sa to oplat\u00ed, preto\u017ee tieto ochrany by mali by\u0165 zapojen\u00e9 do kask\u00e1dy. Nelikviduj\u00fa toti\u017e stav zv\u00fd\u0161en\u00e9ho nap\u00e4tia naraz, ale postupne- kask\u00e1dovito. Pri k\u00fape si teda poriadne premerajte potrebn\u00fa d\u013a\u017eku a spo\u010d\u00edtajte si aj po\u010det spotrebi\u010dov, ktor\u00e9 pl\u00e1nujete t\u00fdmto sp\u00f4sobom zapoji\u0165. Nie je pravdou, \u017ee \u010d\u00edm dlh\u0161ia je\u201c predl\u017eova\u010dka\u201c, t\u00fdm lep\u0161ie. Kot\u00fa\u010d s k\u00e1blom umiestnen\u00fdm hoci aj za skri\u0148ou by celkom iste nebol t\u00fdm najvhodnej\u0161\u00edm rie\u0161en\u00edm. Stavali sme nov\u00fd dom. Ve\u013emi starostlivo sme si napl\u00e1novali v\u0161etky z\u00e1suvky. Predl\u017eovac\u00ed k\u00e1bel putoval do pivnice. Mysleli sme si \u017ee natrvalo. Pri\u0161li Vianoce, zdobenie viano\u010dn\u00e9ho strom\u010deka, svetl\u00e1 na strom\u010dek. A teraz to pri\u0161lo! Veru kam zapoji\u0165 osvetlenie strom\u010deka ? Na toto sme veru nemysleli. M\u00e1rne sme strom\u010dek pos\u00favali- doprava, do\u013eava- nikde pr\u00edvodov\u00fd k\u00e1bel nedosiahol do z\u00e1suvky. Chtiac- nechtiac sme putovali do pivnice h\u013eada\u0165 star\u00fa dobr\u00fa \u201epred\u013a\u017eova\u010dku\u201c. Op\u00e4\u0165 sa stala s\u00fa\u010das\u0165ou n\u00e1\u0161ho bytu v obdob\u00ed najsl\u00e1vnostnej\u0161om- viano\u010dnom. Nevyzerala s\u00edce esteticky, ale svoju d\u00f4le\u017eit\u00fa \u00falohu- rozsvieti\u0165 n\u00e1\u0161 viano\u010dn\u00fd strom\u010dek a doda\u0165 k\u00fazlu Vianoc prepotrebn\u00e9 mal\u00e9 svetielka \u017emurkaj\u00face na viano\u010dnom strom\u010deku- skvelo splnila.                                                                                                                                                                                                                                                                                                                                                                                        4.7\/5 - (4 votes)        "},{"@context":"https:\/\/schema.org\/","@type":"BreadcrumbList","itemListElement":[{"@type":"ListItem","position":1,"name":"Predl\u017eovac\u00ed k\u00e1bel","item":"https:\/\/www.sigal.sk\/predlzovaci-kabel\/#breadcrumbitem"}]}]