[{"@context":"https:\/\/schema.org\/","@type":"Article","@id":"https:\/\/www.sigal.sk\/taka-velmi-stara-teoria-zivota\/#Article","mainEntityOfPage":"https:\/\/www.sigal.sk\/taka-velmi-stara-teoria-zivota\/","headline":"Tak\u00e1 ve\u013emi star\u00e1 te\u00f3ria \u017eivota","name":"Tak\u00e1 ve\u013emi star\u00e1 te\u00f3ria \u017eivota","description":"Na\u0161e \u013eudstvo tr\u00e1pi jedna my\u0161lienka vlastne takmer od nepam\u00e4ti a st\u00e1le v nej ako spolo\u010dnos\u0165 nem\u00e1me jasno. Niektor\u00ed jednotlivci mo\u017eno","datePublished":"2017-10-15","dateModified":"2023-04-27","author":{"@type":"Person","@id":"https:\/\/www.sigal.sk\/author\/#Person","name":"","url":"https:\/\/www.sigal.sk\/author\/","identifier":1,"image":{"@type":"ImageObject","@id":"https:\/\/secure.gravatar.com\/avatar\/25a824e14ead2d36aba24b918221841350fb41cea98048e9b1929df8c4bf4bd8?s=96&d=mm&r=g","url":"https:\/\/secure.gravatar.com\/avatar\/25a824e14ead2d36aba24b918221841350fb41cea98048e9b1929df8c4bf4bd8?s=96&d=mm&r=g","height":96,"width":96}},"publisher":{"@type":"Organization","name":"sigal.sk","logo":{"@type":"ImageObject","@id":"\/logo.png","url":"\/logo.png","width":600,"height":60}},"image":{"@type":"ImageObject","@id":"https:\/\/www.sigal.sk\/wp-content\/uploads\/img_a283780_w2025_t1513352090.jpg","url":"https:\/\/www.sigal.sk\/wp-content\/uploads\/img_a283780_w2025_t1513352090.jpg","height":0,"width":0},"url":"https:\/\/www.sigal.sk\/taka-velmi-stara-teoria-zivota\/","wordCount":589,"articleBody":"Na\u0161e \u013eudstvo tr\u00e1pi jedna my\u0161lienka vlastne takmer od nepam\u00e4ti a st\u00e1le v nej ako spolo\u010dnos\u0165 nem\u00e1me jasno. Niektor\u00ed jednotlivci mo\u017eno \u00e1no, no aj ich n\u00e1zory sa s in\u00fdmi b\u00e1daj\u00facimi \u013eu\u010fmi m\u00f4\u017eu rozch\u00e1dza\u0165, alebo aj ak nie priamo drasticky rozch\u00e1dza\u0165, m\u00f4\u017ee by\u0165 odli\u0161n\u00fdch mno\u017estvo detailov. V dne\u0161nom upon\u00e1h\u013eanom svete na t\u00fato my\u0161lienku mno\u017estvo \u013eud\u00ed zab\u00fada, \u010do je trochu \u0161koda. Vlastne ochudob\u0148uj\u00fa sam\u00fdch seba o poznanie, ktor\u00e9 by im mohlo pom\u00f4c\u0165 pochopi\u0165. \u2022 O ak\u00fa my\u0161lienku sa v\u0161ak jedn\u00e1 a ak\u00e1 je na \u0148u t\u00e1 spr\u00e1vna odpove\u010f? Ide o \u0165a\u017ek\u00fa \u00favahu a to, z ak\u00e9ho d\u00f4vodu vlastne teraz existujeme, ak\u00e9 je na\u0161e poslanie, ako pre\u017ei\u0165 \u017eivot najspr\u00e1vnej\u0161ie a ako sa vyrovna\u0165 so svojim \u017eivotom, aby sme boli odolnej\u0161\u00ed proti negat\u00edvnym vplyvom a aby sme kone\u010dne boli spojojn\u00ed? Na tieto my\u0161lienky maj\u00fa u\u017e takmer od za\u010diatku \u013eudstva odpoved n\u00e1bo\u017eenstv\u00e1, no aj tie sa navz\u00e1jom v niektor\u00fdch veciach rozch\u00e1dzaj\u00fa a niektor\u00e9 \u010dasom dokonca menia svoju podobu a v\u00fdznam. Dokonca sme boli kv\u00f4li n\u00e1bo\u017eensk\u00fdm nezhod\u00e1m svedkami n\u00e1silia a brutality. To vid\u00edte, ako ve\u013emi \u013eudia odjak\u017eiva t\u00fa\u017eia po odpovedi na tieto \u00favahy. A\u017e do takej miery, v ktorej sa dostali do \u0161t\u00e1dia, kedy n\u00e1bo\u017eensk\u00fdmi konfliktami a napr\u00edklad upa\u013eovan\u00edm &#8222;\u010darodejn\u00edc&#8220; vlastne sami sp\u00f4sobili to najhor\u0161ie zlo. \u2022 T\u00fdm najd\u00f4le\u017eitej\u0161\u00edm a vlastne hlavn\u00fdm \u00fa\u010delom, pre\u010do sme na svete, je jedno slovo- pochopi\u0165. Cel\u00fd svet je jedna ve\u013ek\u00e1 a nekon\u010diaca \u0161kola pre na\u0161u du\u0161u. Ak aj v tomto \u017eivote zomrieme a e\u0161te sme ve\u013ea nepochopili, vr\u00e1time sa. Nie na to ist\u00e9 miesto, nie s t\u00fdm ist\u00fdm telom, nie medzi \u013eud\u00ed, ktor\u00fdch sme poznali. Dostaneme pr\u00edle\u017eitos\u0165 op\u00e4\u0165 sa vr\u00e1ti\u0165 na svet a pokra\u010dova\u0165 v prek\u00e1\u017ekach i u\u010den\u00ed, na\u0161a pam\u00e4\u0165 bude z predo\u0161l\u00e9ho \u017eivota vymazan\u00e1, zostane len du\u0161a na tej \u00farovni a s t\u00fdmi \u010drtami, ako sme doposia\u013e pokro\u010dili. Op\u00e4\u0165 sa narod\u00edme ako b\u00e1b\u00e4tko, no do inej rodiny, zrejme na in\u00fd kontinent, do in\u00fdch podmienok s t\u00fdm, \u017ee na dne\u0161n\u00fd \u017eivot si pam\u00e4ta\u0165 nebudeme. Budeme sa vracia\u0165 a prekon\u00e1va\u0165 prek\u00e1\u017eky, a\u017e k\u00fdm nepochop\u00edme. Sme tu od toho, aby sme sa u\u010dili a zdokona\u013eovali na\u0161u du\u0161u, odmenou n\u00e1m bude v\u00e4\u010d\u0161\u00ed pokoj a lep\u0161\u00ed pocit. Len si to nesmieme pokazi\u0165 t\u00fdm, \u017ee napr\u00edklad niekoho zabijeme \u010di sp\u00e1chame samovra\u017edu, alebo budeme cel\u00fd \u017eivot zl\u00fdm \u010dlovekom. To zasa na\u0161a du\u0161a klesne na ni\u017e\u0161\u00ed stupe\u0148 a od uvedomelosti a pokoja sa o nie\u010do viac vzdialime. Napr\u00edklad tak\u00fd masov\u00fd vrah nep\u00f4jde do pekla, kde ho bud\u00fa vari\u0165 \u010derti v kotli. Nie, nebude to trest, dostane pr\u00edle\u017eitos\u0165 vr\u00e1ti\u0165 sa, no do \u0165a\u017ek\u00fdch podmienok, ktor\u00fdm nedok\u00e1zal \u010deli\u0165 a ktor\u00fdm pod\u013eahol. Op\u00e4\u0165 sa vr\u00e1ti do svojich probl\u00e9mov, k\u00fdm nezaujme rozumnej\u0161\u00ed postoj. To bude jeho peklo, ale vlastne pr\u00edle\u017eitos\u0165. No samozrejme, jeho spomienka na to, \u017ee b\u00fdval masov\u00fdm vrahom bude vymazan\u00e1 a s t\u00fdm aj v\u0161etky ostatn\u00e9 spomienky.                                                                                                                                                                                                                                                                                                                                                                                         4.6\/5 - (9 votes)        "},{"@context":"https:\/\/schema.org\/","@type":"BreadcrumbList","itemListElement":[{"@type":"ListItem","position":1,"name":"Tak\u00e1 ve\u013emi star\u00e1 te\u00f3ria \u017eivota","item":"https:\/\/www.sigal.sk\/taka-velmi-stara-teoria-zivota\/#breadcrumbitem"}]}]