[{"@context":"https:\/\/schema.org\/","@type":"Article","@id":"https:\/\/www.sigal.sk\/zachrante-nabytok-aj-planetu\/#Article","mainEntityOfPage":"https:\/\/www.sigal.sk\/zachrante-nabytok-aj-planetu\/","headline":"Zachr\u00e1\u0148te n\u00e1bytok aj plan\u00e9tu","name":"Zachr\u00e1\u0148te n\u00e1bytok aj plan\u00e9tu","description":"Asi je jasn\u00e9, \u017ee ke\u010f ide do tuh\u00e9ho, v\u017edy sa mus\u00edte zamera\u0165 na to, \u010do je pre v\u00e1s naozaj ve\u013emi","datePublished":"2018-08-05","dateModified":"2023-04-27","author":{"@type":"Person","@id":"https:\/\/www.sigal.sk\/author\/#Person","name":"","url":"https:\/\/www.sigal.sk\/author\/","identifier":1,"image":{"@type":"ImageObject","@id":"https:\/\/secure.gravatar.com\/avatar\/25a824e14ead2d36aba24b918221841350fb41cea98048e9b1929df8c4bf4bd8?s=96&d=mm&r=g","url":"https:\/\/secure.gravatar.com\/avatar\/25a824e14ead2d36aba24b918221841350fb41cea98048e9b1929df8c4bf4bd8?s=96&d=mm&r=g","height":96,"width":96}},"publisher":{"@type":"Organization","name":"sigal.sk","logo":{"@type":"ImageObject","@id":"\/logo.png","url":"\/logo.png","width":600,"height":60}},"image":{"@type":"ImageObject","@id":"https:\/\/www.sigal.sk\/wp-content\/uploads\/img_a290474_w16469_t1535444348.jpg","url":"https:\/\/www.sigal.sk\/wp-content\/uploads\/img_a290474_w16469_t1535444348.jpg","height":0,"width":0},"url":"https:\/\/www.sigal.sk\/zachrante-nabytok-aj-planetu\/","about":["Nakupovanie"],"wordCount":441,"articleBody":"Asi je jasn\u00e9, \u017ee ke\u010f ide do tuh\u00e9ho, v\u017edy sa mus\u00edte zamera\u0165 na to, \u010do je pre v\u00e1s naozaj ve\u013emi d\u00f4le\u017eit\u00e9 a podstatn\u00e9. Verte tomu, \u017ee s\u00fa to mali\u010dkosti, ktor\u00e9 v\u00e1s svoj\u00edm sp\u00f4sobom nielen oberaj\u00fa o \u010das, ale tvoria z v\u00e1s nie\u010do, \u010do je mo\u017eno ove\u013ea d\u00f4le\u017eitej\u0161ie, ako by ste si mysleli. Nakoniec s\u00fa to predsa len presne tieto veci, ktor\u00e9 v\u00e1s musia bavi\u0165 alebo v\u00e1s proste musia dosta\u0165 presne tam, kam chcete. A ak ide o podstatu toho, \u010do je pre v\u00e1s naozaj d\u00f4le\u017eit\u00e9, mus\u00edte predsa len myslie\u0165 aj na svoju plan\u00e9tu a na to, \u017ee bez n\u00e1s nebude fungova\u0165 tak, ako by ste si to predstavovali.  Ak je to pre v\u00e1s d\u00f4le\u017eit\u00e9, mus\u00edte tomu veri\u0165. A ak tomu uver\u00edte, tak je to jednoducho pravda, no nie? Verte tomu, \u017ee v\u017edy, ke\u010f sa na to pozriete z tohto uhla poh\u013eadu, m\u00f4\u017eete si by\u0165 ist\u00fd t\u00fdm, \u017ee je d\u00f4le\u017eit\u00e9 v\u0161etko, \u010do okolo seba vid\u00edte, aj ke\u010f by ste si to mo\u017eno nemysleli. Mo\u017eno je to smie\u0161ne, ale presne tie mali\u010dkosti s\u00fa nie\u010d\u00edm, \u010do v\u00e1s bude v\u017edy sprev\u00e1dza\u0165, nech sa pozriete kamko\u013evek. Doprava, do\u013eava, na tom v\u00f4bec nez\u00e1le\u017e\u00ed. Z\u00e1le\u017e\u00ed len na v\u00e1s a na to naozaj v\u017edy myslite.  Popruhy s\u00fa nie\u010d\u00edm, \u010do v\u00e1s skuto\u010dne zachr\u00e1ni, ke\u010f m\u00e1te pocit, \u017ee u\u017e \u010falej \u00eds\u0165 jednoducho nem\u00f4\u017eete. Je jasn\u00e9, \u017ee je to tak a je jasn\u00e9, \u017ee to tak bude aj na\u010falej, preto\u017ee ak chcete, aby i\u0161li veci pod\u013ea pl\u00e1nu, mus\u00edte pre to aj nie\u010do urobi\u0165. Asi je jasn\u00e9, \u017ee je to na jednej strane aj ve\u013emi smie\u0161ne, ale mali\u010dkosti v\u00e1s zachr\u00e1nia od v\u0161etk\u00e9ho, \u010do pre v\u00e1s bolo predt\u00fdm podstatn\u00e9 alebo d\u00f4le\u017eit\u00e9. Nemyslite si, \u017ee s t\u00fdm nedok\u00e1\u017eete \u017ei\u0165. Nemyslite si, \u017ee sa s t\u00fdm nebudete vedie\u0165 vyrovna\u0165 a ur\u010dite si teraz v hlave hovor\u00edte, \u017ee t\u00e1rame dve na tri a recykl\u00e1cia n\u00e1bytku je zbyto\u010dn\u00e1. V\u00e1\u017ene to tak v\u0161ak nie je. Nielen, \u017ee to \u0161etr\u00ed va\u0161u pe\u0148a\u017eenku, ale \u0161etr\u00ed to aj na\u0161u plan\u00e9tu. A na tom u\u017e predsa z\u00e1le\u017e\u00ed, no nie? V\u017edy je to predsa iba o va\u0161om postoji a pr\u00edstupe, na ni\u010dom inom.                                                                                                                                                                                                                                                                                                                                                                                        4.2\/5 - (5 votes)        "},{"@context":"https:\/\/schema.org\/","@type":"BreadcrumbList","itemListElement":[{"@type":"ListItem","position":1,"name":"Zachr\u00e1\u0148te n\u00e1bytok aj plan\u00e9tu","item":"https:\/\/www.sigal.sk\/zachrante-nabytok-aj-planetu\/#breadcrumbitem"}]}]